{"id":1152,"date":"2026-03-03T22:40:48","date_gmt":"2026-03-03T21:40:48","guid":{"rendered":"https:\/\/www.septem-decolletage.com\/?p=1152"},"modified":"2026-03-03T22:43:20","modified_gmt":"2026-03-03T21:43:20","slug":"vlog-dattractivite-loir-et-cher","status":"publish","type":"post","link":"https:\/\/www.septem-decolletage.com\/en\/vlog-dattractivite-loir-et-cher\/","title":{"rendered":"Vlog \u00e0 Septem par l&rsquo;agence d\u2019attractivit\u00e9 du Loir-et-Cher (Be LC)"},"content":{"rendered":"<p>\ud83c\udfac Nous avons eu le plaisir d\u2019ouvrir les portes de SEPTEM pour un vlog en immersion au c\u0153ur de notre entreprise !<\/p>\n\n\n\n<p><br>\u00c0 travers cette vid\u00e9o, nous voulions mettre en lumi\u00e8re :<br>\ud83d\udc49 la richesse et la passion de nos <strong>m\u00e9tiers industriels<\/strong>, encore trop m\u00e9connus,<br>\ud83d\udc49 les vraies opportunit\u00e9s qui s\u2019offrent aux <strong>jeunes<\/strong> en recherche <strong>d\u2019orientation<\/strong>,<br>\ud83d\udc49 notre engagement \u00e0 investir dans les <strong>comp\u00e9tences humaines<\/strong> et dans des \u00e9quipements toujours plus performants et <strong>respectueux de l\u2019environnement<\/strong>,<br>\ud83d\udc49 et notre fiert\u00e9 de contribuer activement au dynamisme de notre <strong>territoire<\/strong>, \u00e0 <strong>Montrichard Val de Cher<\/strong>, au sein de la Communaut\u00e9 de communes <strong>Val de Cher Controis<\/strong>.<\/p>\n\n\n\n<p><br>Un grand merci \u00e0 l\u2019agence d\u2019attractivit\u00e9 du Loir-et-Cher pour cette belle mise en lumi\u00e8re, ainsi qu\u2019\u00e0 toutes les \u00e9quipes mobilis\u00e9es pour faire de ce projet une r\u00e9ussite \ud83d\ude4c<br>Curieux d\u2019en d\u00e9couvrir plus ? La version compl\u00e8te du vlog est disponible sur <a href=\"https:\/\/youtube.com\/shorts\/37uPIEtIcVY?si=akQbJCRHIS8kYYCa\">YouTube<\/a>. <\/p>\n\n\n\n<p><br>Retrouvez \u00e9galement le vlog sur vos plateformes pr\u00e9f\u00e9r\u00e9es :<\/p>\n\n\n\n<ul class=\"wp-block-list\">\n<li><a href=\"https:\/\/www.instagram.com\/reel\/DVafm_bCDcG\/?utm_source=ig_web_copy_link&amp;igsh=MzRlODBiNWFlZA==\">Instagram<\/a><\/li>\n\n\n\n<li><a href=\"https:\/\/www.linkedin.com\/feed\/update\/urn:li:activity:7434500353468936192\/\">Linkedin<\/a><\/li>\n\n\n\n<li><a href=\"https:\/\/www.facebook.com\/BeLoirEtCher\/videos\/1119994860216067\/\">Facebook<\/a><\/li>\n<\/ul>\n\n\n\n<figure class=\"wp-block-image aligncenter size-full is-resized\"><img fetchpriority=\"high\" decoding=\"async\" width=\"405\" height=\"608\" src=\"https:\/\/www.septem-decolletage.com\/wp-content\/uploads\/2026\/03\/vlog_attractivite_loir-et-cher.jpg\" alt=\"vlog-attractivite-loir-et-cher\" class=\"wp-image-1153\" style=\"aspect-ratio:0.6661351758348835;width:189px;height:auto\" srcset=\"https:\/\/www.septem-decolletage.com\/wp-content\/uploads\/2026\/03\/vlog_attractivite_loir-et-cher.jpg 405w, https:\/\/www.septem-decolletage.com\/wp-content\/uploads\/2026\/03\/vlog_attractivite_loir-et-cher-200x300.jpg 200w, https:\/\/www.septem-decolletage.com\/wp-content\/uploads\/2026\/03\/vlog_attractivite_loir-et-cher-8x12.jpg 8w\" sizes=\"(max-width: 405px) 100vw, 405px\" \/><\/figure>\n\n\n\n<p>Voir nos autres <a href=\"https:\/\/www.septem-decolletage.com\/actualites\/\" type=\"page\" id=\"309\">actualit\u00e9s<\/a><\/p>\n\n\n<ul class=\"wp-block-latest-posts__list wp-block-latest-posts\"><li><a class=\"wp-block-latest-posts__post-title\" href=\"https:\/\/www.septem-decolletage.com\/en\/a-montrichard-le-prefet-a-la-rencontre-des-acteurs-locaux-et-des-enjeux-du-territoire\/\">A Montrichard, le pr\u00e9fet \u00e0 la rencontre des acteurs locaux et des enjeux du territoire<\/a><\/li>\n<li><a class=\"wp-block-latest-posts__post-title\" href=\"https:\/\/www.septem-decolletage.com\/en\/vlog-dattractivite-loir-et-cher\/\">Vlog \u00e0 Septem par l&rsquo;agence d\u2019attractivit\u00e9 du Loir-et-Cher (Be LC)<\/a><\/li>\n<li><a class=\"wp-block-latest-posts__post-title\" href=\"https:\/\/www.septem-decolletage.com\/en\/30-ans-septem-et-35-ans-mecaero\/\">30 ans SEPTEM et 35 ans MECAERO<\/a><\/li>\n<li><a class=\"wp-block-latest-posts__post-title\" href=\"https:\/\/www.septem-decolletage.com\/en\/leconomie-avec-les-entreprises-septem-et-mecaero-reportage-france-3\/\">L&rsquo;\u00e9conomie avec les entreprises SEPTEM et MECAERO &#8211; Reportage FRANCE 3<\/a><\/li>\n<li><a class=\"wp-block-latest-posts__post-title\" href=\"https:\/\/www.septem-decolletage.com\/en\/covid-19-un-an-apres\/\">COVID-19, un an apr\u00e8s<\/a><\/li>\n<\/ul>\n\n\n<p><\/p>","protected":false},"excerpt":{"rendered":"<p>\ud83c\udfac Nous avons eu le plaisir d\u2019ouvrir les portes de SEPTEM pour un vlog en immersion au c\u0153ur de notre [&hellip;]<\/p>\n","protected":false},"author":1,"featured_media":1153,"comment_status":"closed","ping_status":"closed","sticky":false,"template":"","format":"standard","meta":{"site-sidebar-layout":"default","site-content-layout":"","ast-site-content-layout":"default","site-content-style":"default","site-sidebar-style":"default","ast-global-header-display":"","ast-banner-title-visibility":"","ast-main-header-display":"","ast-hfb-above-header-display":"","ast-hfb-below-header-display":"","ast-hfb-mobile-header-display":"","site-post-title":"","ast-breadcrumbs-content":"","ast-featured-img":"","footer-sml-layout":"","ast-disable-related-posts":"","theme-transparent-header-meta":"default","adv-header-id-meta":"","stick-header-meta":"","header-above-stick-meta":"","header-main-stick-meta":"","header-below-stick-meta":"","astra-migrate-meta-layouts":"default","ast-page-background-enabled":"default","ast-page-background-meta":{"desktop":{"background-color":"var(--ast-global-color-5)","background-image":"","background-repeat":"repeat","background-position":"center center","background-size":"auto","background-attachment":"scroll","background-type":"","background-media":"","overlay-type":"","overlay-color":"","overlay-opacity":"","overlay-gradient":""},"tablet":{"background-color":"","background-image":"","background-repeat":"repeat","background-position":"center center","background-size":"auto","background-attachment":"scroll","background-type":"","background-media":"","overlay-type":"","overlay-color":"","overlay-opacity":"","overlay-gradient":""},"mobile":{"background-color":"","background-image":"","background-repeat":"repeat","background-position":"center center","background-size":"auto","background-attachment":"scroll","background-type":"","background-media":"","overlay-type":"","overlay-color":"","overlay-opacity":"","overlay-gradient":""}},"ast-content-background-meta":{"desktop":{"background-color":"var(--ast-global-color-4)","background-image":"","background-repeat":"repeat","background-position":"center center","background-size":"auto","background-attachment":"scroll","background-type":"","background-media":"","overlay-type":"","overlay-color":"","overlay-opacity":"","overlay-gradient":""},"tablet":{"background-color":"var(--ast-global-color-4)","background-image":"","background-repeat":"repeat","background-position":"center center","background-size":"auto","background-attachment":"scroll","background-type":"","background-media":"","overlay-type":"","overlay-color":"","overlay-opacity":"","overlay-gradient":""},"mobile":{"background-color":"var(--ast-global-color-4)","background-image":"","background-repeat":"repeat","background-position":"center center","background-size":"auto","background-attachment":"scroll","background-type":"","background-media":"","overlay-type":"","overlay-color":"","overlay-opacity":"","overlay-gradient":""}},"footnotes":""},"categories":[1],"tags":[],"class_list":["post-1152","post","type-post","status-publish","format-standard","has-post-thumbnail","hentry","category-non-classe"],"yoast_head":"<!-- This site is optimized with the Yoast SEO plugin v27.4 - https:\/\/yoast.com\/product\/yoast-seo-wordpress\/ -->\n<title>Vlog \u00e0 Septem par l&#039;agence d\u2019attractivit\u00e9 du Loir-et-Cher (Be LC) - Septem D\u00e9colletage<\/title>\n<meta name=\"description\" content=\"\ud83c\udfac Nous avons ouvert les portes de SEPTEM pour un vlog en immersion au c\u0153ur de notre entreprise par l&#039;agence d\u2019attractivit\u00e9 du Loir-et-Cher!\" \/>\n<meta name=\"robots\" content=\"index, follow, max-snippet:-1, max-image-preview:large, max-video-preview:-1\" \/>\n<link rel=\"canonical\" href=\"https:\/\/www.septem-decolletage.com\/en\/vlog-dattractivite-loir-et-cher\/\" \/>\n<meta property=\"og:locale\" content=\"en_US\" \/>\n<meta property=\"og:type\" content=\"article\" \/>\n<meta property=\"og:title\" content=\"Vlog \u00e0 Septem par l&#039;agence d\u2019attractivit\u00e9 du Loir-et-Cher (Be LC) - Septem D\u00e9colletage\" \/>\n<meta property=\"og:description\" content=\"\ud83c\udfac Nous avons ouvert les portes de SEPTEM pour un vlog en immersion au c\u0153ur de notre entreprise par l&#039;agence d\u2019attractivit\u00e9 du Loir-et-Cher!\" \/>\n<meta property=\"og:url\" content=\"https:\/\/www.septem-decolletage.com\/en\/vlog-dattractivite-loir-et-cher\/\" \/>\n<meta property=\"og:site_name\" content=\"Septem D\u00e9colletage\" \/>\n<meta property=\"article:published_time\" content=\"2026-03-03T21:40:48+00:00\" \/>\n<meta property=\"article:modified_time\" content=\"2026-03-03T21:43:20+00:00\" \/>\n<meta property=\"og:image\" content=\"https:\/\/www.septem-decolletage.com\/wp-content\/uploads\/2026\/03\/vlog_attractivite_loir-et-cher.jpg\" \/>\n\t<meta property=\"og:image:width\" content=\"405\" \/>\n\t<meta property=\"og:image:height\" content=\"608\" \/>\n\t<meta property=\"og:image:type\" content=\"image\/jpeg\" \/>\n<meta name=\"author\" content=\"Cassandre\" \/>\n<meta name=\"twitter:card\" content=\"summary_large_image\" \/>\n<meta name=\"twitter:label1\" content=\"Written by\" \/>\n\t<meta name=\"twitter:data1\" content=\"Cassandre\" \/>\n\t<meta name=\"twitter:label2\" content=\"Est. reading time\" \/>\n\t<meta name=\"twitter:data2\" content=\"2 minutes\" \/>\n<script type=\"application\/ld+json\" class=\"yoast-schema-graph\">{\"@context\":\"https:\\\/\\\/schema.org\",\"@graph\":[{\"@type\":\"Article\",\"@id\":\"https:\\\/\\\/www.septem-decolletage.com\\\/vlog-dattractivite-loir-et-cher\\\/#article\",\"isPartOf\":{\"@id\":\"https:\\\/\\\/www.septem-decolletage.com\\\/vlog-dattractivite-loir-et-cher\\\/\"},\"author\":{\"name\":\"Cassandre\",\"@id\":\"https:\\\/\\\/www.septem-decolletage.com\\\/#\\\/schema\\\/person\\\/c78ae0bf5998f18793c43cdb1fdffd49\"},\"headline\":\"Vlog \u00e0 Septem par l&rsquo;agence d\u2019attractivit\u00e9 du Loir-et-Cher (Be LC)\",\"datePublished\":\"2026-03-03T21:40:48+00:00\",\"dateModified\":\"2026-03-03T21:43:20+00:00\",\"mainEntityOfPage\":{\"@id\":\"https:\\\/\\\/www.septem-decolletage.com\\\/vlog-dattractivite-loir-et-cher\\\/\"},\"wordCount\":182,\"publisher\":{\"@id\":\"https:\\\/\\\/www.septem-decolletage.com\\\/#organization\"},\"image\":{\"@id\":\"https:\\\/\\\/www.septem-decolletage.com\\\/vlog-dattractivite-loir-et-cher\\\/#primaryimage\"},\"thumbnailUrl\":\"https:\\\/\\\/www.septem-decolletage.com\\\/wp-content\\\/uploads\\\/2026\\\/03\\\/vlog_attractivite_loir-et-cher.jpg\",\"articleSection\":[\"Non class\u00e9\"],\"inLanguage\":\"en-US\"},{\"@type\":\"WebPage\",\"@id\":\"https:\\\/\\\/www.septem-decolletage.com\\\/vlog-dattractivite-loir-et-cher\\\/\",\"url\":\"https:\\\/\\\/www.septem-decolletage.com\\\/vlog-dattractivite-loir-et-cher\\\/\",\"name\":\"Vlog \u00e0 Septem par l'agence d\u2019attractivit\u00e9 du Loir-et-Cher (Be LC) - Septem D\u00e9colletage\",\"isPartOf\":{\"@id\":\"https:\\\/\\\/www.septem-decolletage.com\\\/#website\"},\"primaryImageOfPage\":{\"@id\":\"https:\\\/\\\/www.septem-decolletage.com\\\/vlog-dattractivite-loir-et-cher\\\/#primaryimage\"},\"image\":{\"@id\":\"https:\\\/\\\/www.septem-decolletage.com\\\/vlog-dattractivite-loir-et-cher\\\/#primaryimage\"},\"thumbnailUrl\":\"https:\\\/\\\/www.septem-decolletage.com\\\/wp-content\\\/uploads\\\/2026\\\/03\\\/vlog_attractivite_loir-et-cher.jpg\",\"datePublished\":\"2026-03-03T21:40:48+00:00\",\"dateModified\":\"2026-03-03T21:43:20+00:00\",\"description\":\"\ud83c\udfac Nous avons ouvert les portes de SEPTEM pour un vlog en immersion au c\u0153ur de notre entreprise par l'agence d\u2019attractivit\u00e9 du Loir-et-Cher!\",\"breadcrumb\":{\"@id\":\"https:\\\/\\\/www.septem-decolletage.com\\\/vlog-dattractivite-loir-et-cher\\\/#breadcrumb\"},\"inLanguage\":\"en-US\",\"potentialAction\":[{\"@type\":\"ReadAction\",\"target\":[\"https:\\\/\\\/www.septem-decolletage.com\\\/vlog-dattractivite-loir-et-cher\\\/\"]}]},{\"@type\":\"ImageObject\",\"inLanguage\":\"en-US\",\"@id\":\"https:\\\/\\\/www.septem-decolletage.com\\\/vlog-dattractivite-loir-et-cher\\\/#primaryimage\",\"url\":\"https:\\\/\\\/www.septem-decolletage.com\\\/wp-content\\\/uploads\\\/2026\\\/03\\\/vlog_attractivite_loir-et-cher.jpg\",\"contentUrl\":\"https:\\\/\\\/www.septem-decolletage.com\\\/wp-content\\\/uploads\\\/2026\\\/03\\\/vlog_attractivite_loir-et-cher.jpg\",\"width\":405,\"height\":608},{\"@type\":\"BreadcrumbList\",\"@id\":\"https:\\\/\\\/www.septem-decolletage.com\\\/vlog-dattractivite-loir-et-cher\\\/#breadcrumb\",\"itemListElement\":[{\"@type\":\"ListItem\",\"position\":1,\"name\":\"Accueil\",\"item\":\"https:\\\/\\\/www.septem-decolletage.com\\\/\"},{\"@type\":\"ListItem\",\"position\":2,\"name\":\"Vlog \u00e0 Septem par l&rsquo;agence d\u2019attractivit\u00e9 du Loir-et-Cher (Be LC)\"}]},{\"@type\":\"WebSite\",\"@id\":\"https:\\\/\\\/www.septem-decolletage.com\\\/#website\",\"url\":\"https:\\\/\\\/www.septem-decolletage.com\\\/\",\"name\":\"Septem D\u00e9colletage\",\"description\":\"\",\"publisher\":{\"@id\":\"https:\\\/\\\/www.septem-decolletage.com\\\/#organization\"},\"potentialAction\":[{\"@type\":\"SearchAction\",\"target\":{\"@type\":\"EntryPoint\",\"urlTemplate\":\"https:\\\/\\\/www.septem-decolletage.com\\\/?s={search_term_string}\"},\"query-input\":{\"@type\":\"PropertyValueSpecification\",\"valueRequired\":true,\"valueName\":\"search_term_string\"}}],\"inLanguage\":\"en-US\"},{\"@type\":\"Organization\",\"@id\":\"https:\\\/\\\/www.septem-decolletage.com\\\/#organization\",\"name\":\"Septem D\u00e9colletage\",\"url\":\"https:\\\/\\\/www.septem-decolletage.com\\\/\",\"logo\":{\"@type\":\"ImageObject\",\"inLanguage\":\"en-US\",\"@id\":\"https:\\\/\\\/www.septem-decolletage.com\\\/#\\\/schema\\\/logo\\\/image\\\/\",\"url\":\"https:\\\/\\\/www.septem-decolletage.com\\\/wp-content\\\/uploads\\\/2025\\\/05\\\/cropped-septem_mecaero.png\",\"contentUrl\":\"https:\\\/\\\/www.septem-decolletage.com\\\/wp-content\\\/uploads\\\/2025\\\/05\\\/cropped-septem_mecaero.png\",\"width\":500,\"height\":232,\"caption\":\"Septem D\u00e9colletage\"},\"image\":{\"@id\":\"https:\\\/\\\/www.septem-decolletage.com\\\/#\\\/schema\\\/logo\\\/image\\\/\"}},{\"@type\":\"Person\",\"@id\":\"https:\\\/\\\/www.septem-decolletage.com\\\/#\\\/schema\\\/person\\\/c78ae0bf5998f18793c43cdb1fdffd49\",\"name\":\"Cassandre\",\"image\":{\"@type\":\"ImageObject\",\"inLanguage\":\"en-US\",\"@id\":\"https:\\\/\\\/secure.gravatar.com\\\/avatar\\\/40c2bc558ae285840b5f4a35fe5c1232f660b1e7e20401f5be64ae3a08317f44?s=96&d=mm&r=g\",\"url\":\"https:\\\/\\\/secure.gravatar.com\\\/avatar\\\/40c2bc558ae285840b5f4a35fe5c1232f660b1e7e20401f5be64ae3a08317f44?s=96&d=mm&r=g\",\"contentUrl\":\"https:\\\/\\\/secure.gravatar.com\\\/avatar\\\/40c2bc558ae285840b5f4a35fe5c1232f660b1e7e20401f5be64ae3a08317f44?s=96&d=mm&r=g\",\"caption\":\"Cassandre\"},\"sameAs\":[\"http:\\\/\\\/www.septem-decolletage.com\"],\"url\":\"https:\\\/\\\/www.septem-decolletage.com\\\/en\\\/author\\\/cassandre\\\/\"}]}<\/script>\n<!-- \/ Yoast SEO plugin. -->","yoast_head_json":{"title":"Vlog \u00e0 Septem par l'agence d\u2019attractivit\u00e9 du Loir-et-Cher (Be LC) - Septem D\u00e9colletage","description":"\ud83c\udfac Nous avons ouvert les portes de SEPTEM pour un vlog en immersion au c\u0153ur de notre entreprise par l'agence d\u2019attractivit\u00e9 du Loir-et-Cher!","robots":{"index":"index","follow":"follow","max-snippet":"max-snippet:-1","max-image-preview":"max-image-preview:large","max-video-preview":"max-video-preview:-1"},"canonical":"https:\/\/www.septem-decolletage.com\/en\/vlog-dattractivite-loir-et-cher\/","og_locale":"en_US","og_type":"article","og_title":"Vlog \u00e0 Septem par l'agence d\u2019attractivit\u00e9 du Loir-et-Cher (Be LC) - Septem D\u00e9colletage","og_description":"\ud83c\udfac Nous avons ouvert les portes de SEPTEM pour un vlog en immersion au c\u0153ur de notre entreprise par l'agence d\u2019attractivit\u00e9 du Loir-et-Cher!","og_url":"https:\/\/www.septem-decolletage.com\/en\/vlog-dattractivite-loir-et-cher\/","og_site_name":"Septem D\u00e9colletage","article_published_time":"2026-03-03T21:40:48+00:00","article_modified_time":"2026-03-03T21:43:20+00:00","og_image":[{"width":405,"height":608,"url":"https:\/\/www.septem-decolletage.com\/wp-content\/uploads\/2026\/03\/vlog_attractivite_loir-et-cher.jpg","type":"image\/jpeg"}],"author":"Cassandre","twitter_card":"summary_large_image","twitter_misc":{"Written by":"Cassandre","Est. reading time":"2 minutes"},"schema":{"@context":"https:\/\/schema.org","@graph":[{"@type":"Article","@id":"https:\/\/www.septem-decolletage.com\/vlog-dattractivite-loir-et-cher\/#article","isPartOf":{"@id":"https:\/\/www.septem-decolletage.com\/vlog-dattractivite-loir-et-cher\/"},"author":{"name":"Cassandre","@id":"https:\/\/www.septem-decolletage.com\/#\/schema\/person\/c78ae0bf5998f18793c43cdb1fdffd49"},"headline":"Vlog \u00e0 Septem par l&rsquo;agence d\u2019attractivit\u00e9 du Loir-et-Cher (Be LC)","datePublished":"2026-03-03T21:40:48+00:00","dateModified":"2026-03-03T21:43:20+00:00","mainEntityOfPage":{"@id":"https:\/\/www.septem-decolletage.com\/vlog-dattractivite-loir-et-cher\/"},"wordCount":182,"publisher":{"@id":"https:\/\/www.septem-decolletage.com\/#organization"},"image":{"@id":"https:\/\/www.septem-decolletage.com\/vlog-dattractivite-loir-et-cher\/#primaryimage"},"thumbnailUrl":"https:\/\/www.septem-decolletage.com\/wp-content\/uploads\/2026\/03\/vlog_attractivite_loir-et-cher.jpg","articleSection":["Non class\u00e9"],"inLanguage":"en-US"},{"@type":"WebPage","@id":"https:\/\/www.septem-decolletage.com\/vlog-dattractivite-loir-et-cher\/","url":"https:\/\/www.septem-decolletage.com\/vlog-dattractivite-loir-et-cher\/","name":"Vlog \u00e0 Septem par l'agence d\u2019attractivit\u00e9 du Loir-et-Cher (Be LC) - Septem D\u00e9colletage","isPartOf":{"@id":"https:\/\/www.septem-decolletage.com\/#website"},"primaryImageOfPage":{"@id":"https:\/\/www.septem-decolletage.com\/vlog-dattractivite-loir-et-cher\/#primaryimage"},"image":{"@id":"https:\/\/www.septem-decolletage.com\/vlog-dattractivite-loir-et-cher\/#primaryimage"},"thumbnailUrl":"https:\/\/www.septem-decolletage.com\/wp-content\/uploads\/2026\/03\/vlog_attractivite_loir-et-cher.jpg","datePublished":"2026-03-03T21:40:48+00:00","dateModified":"2026-03-03T21:43:20+00:00","description":"\ud83c\udfac Nous avons ouvert les portes de SEPTEM pour un vlog en immersion au c\u0153ur de notre entreprise par l'agence d\u2019attractivit\u00e9 du Loir-et-Cher!","breadcrumb":{"@id":"https:\/\/www.septem-decolletage.com\/vlog-dattractivite-loir-et-cher\/#breadcrumb"},"inLanguage":"en-US","potentialAction":[{"@type":"ReadAction","target":["https:\/\/www.septem-decolletage.com\/vlog-dattractivite-loir-et-cher\/"]}]},{"@type":"ImageObject","inLanguage":"en-US","@id":"https:\/\/www.septem-decolletage.com\/vlog-dattractivite-loir-et-cher\/#primaryimage","url":"https:\/\/www.septem-decolletage.com\/wp-content\/uploads\/2026\/03\/vlog_attractivite_loir-et-cher.jpg","contentUrl":"https:\/\/www.septem-decolletage.com\/wp-content\/uploads\/2026\/03\/vlog_attractivite_loir-et-cher.jpg","width":405,"height":608},{"@type":"BreadcrumbList","@id":"https:\/\/www.septem-decolletage.com\/vlog-dattractivite-loir-et-cher\/#breadcrumb","itemListElement":[{"@type":"ListItem","position":1,"name":"Accueil","item":"https:\/\/www.septem-decolletage.com\/"},{"@type":"ListItem","position":2,"name":"Vlog \u00e0 Septem par l&rsquo;agence d\u2019attractivit\u00e9 du Loir-et-Cher (Be LC)"}]},{"@type":"WebSite","@id":"https:\/\/www.septem-decolletage.com\/#website","url":"https:\/\/www.septem-decolletage.com\/","name":"Septem D\u00e9colletage","description":"","publisher":{"@id":"https:\/\/www.septem-decolletage.com\/#organization"},"potentialAction":[{"@type":"SearchAction","target":{"@type":"EntryPoint","urlTemplate":"https:\/\/www.septem-decolletage.com\/?s={search_term_string}"},"query-input":{"@type":"PropertyValueSpecification","valueRequired":true,"valueName":"search_term_string"}}],"inLanguage":"en-US"},{"@type":"Organization","@id":"https:\/\/www.septem-decolletage.com\/#organization","name":"Septem D\u00e9colletage","url":"https:\/\/www.septem-decolletage.com\/","logo":{"@type":"ImageObject","inLanguage":"en-US","@id":"https:\/\/www.septem-decolletage.com\/#\/schema\/logo\/image\/","url":"https:\/\/www.septem-decolletage.com\/wp-content\/uploads\/2025\/05\/cropped-septem_mecaero.png","contentUrl":"https:\/\/www.septem-decolletage.com\/wp-content\/uploads\/2025\/05\/cropped-septem_mecaero.png","width":500,"height":232,"caption":"Septem D\u00e9colletage"},"image":{"@id":"https:\/\/www.septem-decolletage.com\/#\/schema\/logo\/image\/"}},{"@type":"Person","@id":"https:\/\/www.septem-decolletage.com\/#\/schema\/person\/c78ae0bf5998f18793c43cdb1fdffd49","name":"Cassandre","image":{"@type":"ImageObject","inLanguage":"en-US","@id":"https:\/\/secure.gravatar.com\/avatar\/40c2bc558ae285840b5f4a35fe5c1232f660b1e7e20401f5be64ae3a08317f44?s=96&d=mm&r=g","url":"https:\/\/secure.gravatar.com\/avatar\/40c2bc558ae285840b5f4a35fe5c1232f660b1e7e20401f5be64ae3a08317f44?s=96&d=mm&r=g","contentUrl":"https:\/\/secure.gravatar.com\/avatar\/40c2bc558ae285840b5f4a35fe5c1232f660b1e7e20401f5be64ae3a08317f44?s=96&d=mm&r=g","caption":"Cassandre"},"sameAs":["http:\/\/www.septem-decolletage.com"],"url":"https:\/\/www.septem-decolletage.com\/en\/author\/cassandre\/"}]}},"_links":{"self":[{"href":"https:\/\/www.septem-decolletage.com\/en\/wp-json\/wp\/v2\/posts\/1152","targetHints":{"allow":["GET"]}}],"collection":[{"href":"https:\/\/www.septem-decolletage.com\/en\/wp-json\/wp\/v2\/posts"}],"about":[{"href":"https:\/\/www.septem-decolletage.com\/en\/wp-json\/wp\/v2\/types\/post"}],"author":[{"embeddable":true,"href":"https:\/\/www.septem-decolletage.com\/en\/wp-json\/wp\/v2\/users\/1"}],"replies":[{"embeddable":true,"href":"https:\/\/www.septem-decolletage.com\/en\/wp-json\/wp\/v2\/comments?post=1152"}],"version-history":[{"count":2,"href":"https:\/\/www.septem-decolletage.com\/en\/wp-json\/wp\/v2\/posts\/1152\/revisions"}],"predecessor-version":[{"id":1156,"href":"https:\/\/www.septem-decolletage.com\/en\/wp-json\/wp\/v2\/posts\/1152\/revisions\/1156"}],"wp:featuredmedia":[{"embeddable":true,"href":"https:\/\/www.septem-decolletage.com\/en\/wp-json\/wp\/v2\/media\/1153"}],"wp:attachment":[{"href":"https:\/\/www.septem-decolletage.com\/en\/wp-json\/wp\/v2\/media?parent=1152"}],"wp:term":[{"taxonomy":"category","embeddable":true,"href":"https:\/\/www.septem-decolletage.com\/en\/wp-json\/wp\/v2\/categories?post=1152"},{"taxonomy":"post_tag","embeddable":true,"href":"https:\/\/www.septem-decolletage.com\/en\/wp-json\/wp\/v2\/tags?post=1152"}],"curies":[{"name":"wp","href":"https:\/\/api.w.org\/{rel}","templated":true}]}}